{"id":222,"date":"2021-05-19T13:22:09","date_gmt":"2021-05-19T13:22:09","guid":{"rendered":"https:\/\/taniyaq.az\/?p=222"},"modified":"2021-05-19T13:22:09","modified_gmt":"2021-05-19T13:22:09","slug":"roya-kimdir","status":"publish","type":"post","link":"https:\/\/taniyaq.az\/roya-kimdir\/","title":{"rendered":"R\u00f6ya kimdir?"},"content":{"rendered":"<p>R\u00f6ya kimdir? sual\u0131na qar\u015f\u0131l\u0131q olaraq xarici v\u0259 yerli m\u0259nb\u0259l\u0259rd\u0259 \u201cAz\u0259rbaycan\u0131n Rihannas\u0131\u201d cavab\u0131n\u0131 g\u00f6r\u0259 bil\u0259rsiniz.<\/p>\n<p style=\"text-align: justify;\">R\u00f6ya Ayxan ad\u0131 il\u0259 m\u0259\u015fhur olan s\u0259n\u0259t\u00e7inin \u0259sl ad\u0131 R\u00f6yal\u0259 N\u0259c\u0259fovad\u0131r. O, 14 iyun 1982-ci ild\u0259 do\u011fulmu\u015fdur. B\u0259zi m\u0259nb\u0259l\u0259rd\u0259 A\u011fdam rayonunda do\u011fuldu\u011fu qeyd olunsa da, \u00f6z s\u00f6zl\u0259rin\u0259 g\u00f6r\u0259 Bak\u0131da anadan olub. Orta m\u0259kt\u0259b t\u0259hsilini Bak\u0131da alan m\u00fc\u011f\u0259nni 2004-c\u00fc ild\u0259 Bak\u0131 D\u00f6vl\u0259t Universitetinin Beyn\u0259lxalq H\u00fcquq Fak\u00fclt\u0259sin\u0259 daxil olub.<\/p>\n<h2 style=\"text-align: justify;\">Musiqi karyeras\u0131<\/h2>\n<p style=\"text-align: justify;\">1999-cu ild\u0259 W-Trio adl\u0131 musiqi qrupunda karyeras\u0131na ba\u015flayan R\u00f6ya ilk vaxtlar Ayg\u00fcn Kaz\u0131movan\u0131n yan\u0131nda \u00e7al\u0131\u015fm\u0131\u015fd\u0131r. 2002-ci ild\u0259 qrupdan ayr\u0131lan m\u00fc\u011f\u0259nni karyeras\u0131na t\u0259k davam etm\u0259k q\u0259rar\u0131 al\u0131r. 2005-ci ild\u0259 \u201cG\u0259l dan\u0131\u015f\u201d adl\u0131 albomu il\u0259 sev\u0259nl\u0259rinin qar\u015f\u0131s\u0131na \u00e7\u0131xan R\u00f6ya, 2011-ci ild\u0259 \u201cAlbom kolleksiyas\u0131\u201d albomu il\u0259 yoluna davam etmi\u015fdir. 2012-ci ild\u0259 is\u0259 \u201cG\u00f6nd\u0259r\u201d v\u0259 \u201cAlbom kolleksiyas\u0131\u201d, 2013-c\u00fc ild\u0259 is\u0259 \u201cG\u0259mi\u00e7il\u0259r\u201d adl\u0131 ablomunu sev\u0259nl\u0259rin\u0259 t\u0259qdim etmi\u015fdir. 2015-ci ild\u0259 \u201cKesin bilgi\u201d albomu il\u0259 T\u00fcrkiy\u0259d\u0259 d\u0259 \u00e7ox m\u0259\u015fhur olma\u011f\u0131 bacarm\u0131\u015fd\u0131r. Bu albomu \u00e7\u0131xarmas\u0131nda t\u00fcrkiy\u0259li m\u00fc\u011f\u0259nni G\u00fcl\u015f\u0259n ona yard\u0131m etmi\u015fdir. R\u00f6ya T\u00fcrkiy\u0259nin \u201cAlt\u0131n Kelebek \u00f6d\u00fclleri\u201d m\u0259rasimind\u0259 Az\u0259rbaycan\u0131n \u0259n parlaq ulduzu m\u00fckafat\u0131n\u0131 alm\u0131\u015fd\u0131r.<\/p>\n<p style=\"text-align: justify;\">2006-c\u0131 ild\u0259 V&amp;V prod\u00fcser m\u0259rk\u0259zinin ke\u00e7irdiyi sor\u011fuda &#8220;\u0130lin m\u00fc\u011f\u0259nnisi&#8221; v\u0259 &#8220;\u0130lin konserti&#8221; nominasiyalar\u0131 \u00fczr\u0259 qalib olub. 2015-ci ild\u0259 Az\u0259rbaycan Respublikas\u0131n\u0131n \u0259m\u0259kdar artisti, 2019-cu ild\u0259 is\u0259 Az\u0259rbaycan\u0131n xalq artisti f\u0259xri ad\u0131na layiq g\u00f6r\u00fclm\u00fc\u015fd\u00fcr.<\/p>\n","protected":false},"excerpt":{"rendered":"<p>R\u00f6ya kimdir? sual\u0131na qar\u015f\u0131l\u0131q olaraq xarici v\u0259 yerli m\u0259nb\u0259l\u0259rd\u0259 \u201cAz\u0259rbaycan\u0131n Rihannas\u0131\u201d cavab\u0131n\u0131 g\u00f6r\u0259 bil\u0259rsiniz. R\u00f6ya Ayxan ad\u0131 il\u0259 m\u0259\u015fhur olan s\u0259n\u0259t\u00e7inin \u0259sl ad\u0131 R\u00f6yal\u0259 N\u0259c\u0259fovad\u0131r. O, 14 iyun 1982-ci ild\u0259 do\u011fulmu\u015fdur. B\u0259zi m\u0259nb\u0259l\u0259rd\u0259 A\u011fdam rayonunda do\u011fuldu\u011fu qeyd olunsa da, \u00f6z s\u00f6zl\u0259rin\u0259 g\u00f6r\u0259 Bak\u0131da anadan olub. Orta m\u0259kt\u0259b t\u0259hsilini Bak\u0131da alan m\u00fc\u011f\u0259nni 2004-c\u00fc ild\u0259 Bak\u0131 D\u00f6vl\u0259t [&hellip;]<\/p>\n","protected":false},"author":2,"featured_media":223,"comment_status":"open","ping_status":"open","sticky":false,"template":"","format":"standard","meta":{"footnotes":""},"categories":[22,20],"tags":[],"class_list":{"0":"post-222","1":"post","2":"type-post","3":"status-publish","4":"format-standard","5":"has-post-thumbnail","7":"category-musiqici","8":"category-incesenet-xadimi"},"_links":{"self":[{"href":"https:\/\/taniyaq.az\/api\/wp\/v2\/posts\/222","targetHints":{"allow":["GET"]}}],"collection":[{"href":"https:\/\/taniyaq.az\/api\/wp\/v2\/posts"}],"about":[{"href":"https:\/\/taniyaq.az\/api\/wp\/v2\/types\/post"}],"author":[{"embeddable":true,"href":"https:\/\/taniyaq.az\/api\/wp\/v2\/users\/2"}],"replies":[{"embeddable":true,"href":"https:\/\/taniyaq.az\/api\/wp\/v2\/comments?post=222"}],"version-history":[{"count":0,"href":"https:\/\/taniyaq.az\/api\/wp\/v2\/posts\/222\/revisions"}],"wp:featuredmedia":[{"embeddable":true,"href":"https:\/\/taniyaq.az\/api\/wp\/v2\/media\/223"}],"wp:attachment":[{"href":"https:\/\/taniyaq.az\/api\/wp\/v2\/media?parent=222"}],"wp:term":[{"taxonomy":"category","embeddable":true,"href":"https:\/\/taniyaq.az\/api\/wp\/v2\/categories?post=222"},{"taxonomy":"post_tag","embeddable":true,"href":"https:\/\/taniyaq.az\/api\/wp\/v2\/tags?post=222"}],"curies":[{"name":"wp","href":"https:\/\/api.w.org\/{rel}","templated":true}]}}