{"id":228,"date":"2021-05-20T06:29:12","date_gmt":"2021-05-20T06:29:12","guid":{"rendered":"https:\/\/taniyaq.az\/?p=228"},"modified":"2021-05-20T06:29:12","modified_gmt":"2021-05-20T06:29:12","slug":"pablo-pikasso-kimdir","status":"publish","type":"post","link":"https:\/\/taniyaq.az\/pablo-pikasso-kimdir\/","title":{"rendered":"Pablo Pikasso kimdir?"},"content":{"rendered":"<h2 style=\"text-align: justify;\">Pablo Pikasso kimdir?<\/h2>\n<p style=\"text-align: justify;\">Pablo Pikasso 25 oktyabr 1881-ci ild\u0259 \u0130spaniyada do\u011fulmu\u015fdur. Atas\u0131n\u0131n r\u0259ssam olmas\u0131 onun r\u0259ssaml\u0131qla u\u015faq ya\u015flar\u0131ndan tan\u0131\u015f olmas\u0131na v\u0259sil\u0259 olmu\u015fdur. 7 ya\u015f\u0131nda atas\u0131ndan r\u0259sm d\u0259rsl\u0259ri alma\u011fa ba\u015flayan Pikassonun ilk \u0259s\u0259ri \u201cPicador\u201d olmu\u015fdur v\u0259 onu \u00f6mr\u00fc boyu \u00f6z\u00fc il\u0259 saxlay\u0131r. \u201cPablo Pikasso kimdir?\u201d des\u0259k, ke\u00e7\u0259n \u0259srin \u0259n \u00e7al\u0131\u015fqan, eyni zamanda e\u015fq maceralar\u0131 il\u0259 m\u0259\u015fhur r\u0259ssam\u0131d\u0131r. Dahi r\u0259ssam\u0131n h\u0259yat\u0131nda n\u0259 q\u0259d\u0259r qad\u0131n olmas\u0131 m\u0259lum deyil, amma bu m\u0259lumdur ki, bu qad\u0131nlardan yaln\u0131z 7-si Pikassoya ilham ver\u0259r\u0259k, hissl\u0259ri v\u0259 emosiyalar\u0131 il\u0259 x\u00fcsusi t\u0259sir g\u00f6st\u0259rmi\u015fdirl\u0259r.<\/p>\n<h2 style=\"text-align: justify;\">Pablo Pikassonun \u0259s\u0259rl\u0259ri<\/h2>\n<p style=\"text-align: justify;\">Pikassonun\u00a0 \u0259n d\u0259y\u0259rli \u0259s\u0259rl\u0259ri 1932-ci il\u0259 m\u0259xsus olan \u201cM\u00f6c\u00fcz\u0259l\u0259r ili\u201d olaraq tan\u0131nan \u0259s\u0259rl\u0259ridir. Bu \u0259s\u0259rl\u0259r sat\u0131\u015flarda qiym\u0259t rekordlar\u0131 q\u0131rmaqla xat\u0131rlan\u0131r.<\/p>\n<p style=\"text-align: justify;\">\u018fn b\u00f6y\u00fck r\u0259sm \u0259s\u0259ri olan Guernica, eyni zamanda d\u00fcnyan\u0131n \u0259n t\u0259sirli m\u00fcharib\u0259 \u0259leyhin\u0259 \u0259s\u0259rl\u0259rind\u0259n biri say\u0131l\u0131r. \u018fs\u0259r 1937-ci ild\u0259 \u0130spaniya v\u0259t\u0259nda\u015f m\u00fcharib\u0259si zaman\u0131 bombalanan Guernica \u015f\u0259h\u0259rind\u0259 ba\u015f ver\u0259n v\u0259h\u015filikl\u0259ri t\u0259svir edir. D\u00fcnyan\u0131n dem\u0259k olar ki, b\u00fct\u00fcn muzeyl\u0259rind\u0259 \u0259s\u0259rl\u0259ri olan Picassoya h\u0259sr olunmu\u015f \u00fc\u00e7 f\u0259rqli muzey var.<\/p>\n","protected":false},"excerpt":{"rendered":"<p>Pablo Pikasso kimdir? Pablo Pikasso 25 oktyabr 1881-ci ild\u0259 \u0130spaniyada do\u011fulmu\u015fdur. Atas\u0131n\u0131n r\u0259ssam olmas\u0131 onun r\u0259ssaml\u0131qla u\u015faq ya\u015flar\u0131ndan tan\u0131\u015f olmas\u0131na v\u0259sil\u0259 olmu\u015fdur. 7 ya\u015f\u0131nda atas\u0131ndan r\u0259sm d\u0259rsl\u0259ri alma\u011fa ba\u015flayan Pikassonun ilk \u0259s\u0259ri \u201cPicador\u201d olmu\u015fdur v\u0259 onu \u00f6mr\u00fc boyu \u00f6z\u00fc il\u0259 saxlay\u0131r. \u201cPablo Pikasso kimdir?\u201d des\u0259k, ke\u00e7\u0259n \u0259srin \u0259n \u00e7al\u0131\u015fqan, eyni zamanda e\u015fq maceralar\u0131 il\u0259 m\u0259\u015fhur [&hellip;]<\/p>\n","protected":false},"author":2,"featured_media":229,"comment_status":"open","ping_status":"open","sticky":false,"template":"","format":"standard","meta":{"footnotes":""},"categories":[25],"tags":[],"class_list":{"0":"post-228","1":"post","2":"type-post","3":"status-publish","4":"format-standard","5":"has-post-thumbnail","7":"category-ressam"},"_links":{"self":[{"href":"https:\/\/taniyaq.az\/api\/wp\/v2\/posts\/228","targetHints":{"allow":["GET"]}}],"collection":[{"href":"https:\/\/taniyaq.az\/api\/wp\/v2\/posts"}],"about":[{"href":"https:\/\/taniyaq.az\/api\/wp\/v2\/types\/post"}],"author":[{"embeddable":true,"href":"https:\/\/taniyaq.az\/api\/wp\/v2\/users\/2"}],"replies":[{"embeddable":true,"href":"https:\/\/taniyaq.az\/api\/wp\/v2\/comments?post=228"}],"version-history":[{"count":0,"href":"https:\/\/taniyaq.az\/api\/wp\/v2\/posts\/228\/revisions"}],"wp:featuredmedia":[{"embeddable":true,"href":"https:\/\/taniyaq.az\/api\/wp\/v2\/media\/229"}],"wp:attachment":[{"href":"https:\/\/taniyaq.az\/api\/wp\/v2\/media?parent=228"}],"wp:term":[{"taxonomy":"category","embeddable":true,"href":"https:\/\/taniyaq.az\/api\/wp\/v2\/categories?post=228"},{"taxonomy":"post_tag","embeddable":true,"href":"https:\/\/taniyaq.az\/api\/wp\/v2\/tags?post=228"}],"curies":[{"name":"wp","href":"https:\/\/api.w.org\/{rel}","templated":true}]}}