{"id":239,"date":"2021-05-20T06:45:29","date_gmt":"2021-05-20T06:45:29","guid":{"rendered":"https:\/\/taniyaq.az\/?p=239"},"modified":"2021-05-20T06:45:29","modified_gmt":"2021-05-20T06:45:29","slug":"bethoven-kimdir","status":"publish","type":"post","link":"https:\/\/taniyaq.az\/bethoven-kimdir\/","title":{"rendered":"Bethoven kimdir?"},"content":{"rendered":"<h1 style=\"text-align: justify;\">Bethoven kimdir?<\/h1>\n<p style=\"text-align: justify;\">B\u0259st\u0259l\u0259ri v\u0259 maraql\u0131 h\u0259yat hekay\u0259si il\u0259 \u00e7ox \u00f6n\u0259mli \u015f\u0259xsiyy\u0259tl\u0259rd\u0259n biri olan Ludviq Van Bethoven 19-cu \u0259sr klassik musiqisinin dahisi olan b\u0259st\u0259kar v\u0259 piano\u00e7usudur. 17 dekabr 1770-ci ild\u0259 Almaniyan\u0131n Bonn \u015f\u0259h\u0259rind\u0259 kas\u0131b bir ail\u0259d\u0259 anadan olmu\u015fdur. Babas\u0131n\u0131n ad\u0131n\u0131 da\u015f\u0131yan musiqi\u00e7inin \u00e7ox k\u0259d\u0259rli bir h\u0259yat\u0131 var idi. Atas\u0131 s\u0259rxo\u015f idi. Bethovenin \u00fcmumilikd\u0259 yeddi qarda\u015f\u0131 var idi v\u0259 qarda\u015flar\u0131ndan yaln\u0131z \u00fc\u00e7\u00fc sonrak\u0131 ill\u0259rd\u0259 sa\u011f qald\u0131.<\/p>\n<p style=\"text-align: justify;\">Atas\u0131 4 ya\u015f\u0131nda o\u011flunun musiqi bacar\u0131\u011f\u0131n\u0131n oldu\u011funun f\u0259rqin\u0259 varm\u0131\u015fd\u0131r. Bel\u0259likl\u0259 atas\u0131n\u0131n m\u0259cburiyy\u0259tiyl\u0259 piyano il\u0259 tan\u0131\u015f olur v\u0259 10 ya\u015f\u0131nda ba\u015fqa bir \u00f6n\u0259mli b\u0259st\u0259kar Wolfgang Amadeus Mozartla tan\u0131\u015f olur. Mozard onu ilk d\u0259f\u0259 dinl\u0259diyind\u0259 \u201cBu u\u015fa\u011fa yax\u015f\u0131 bax\u0131n! G\u00fcn g\u0259l\u0259c\u0259k b\u00fct\u00fcn d\u00fcnya onu tan\u0131yacaq&#8221; demi\u015fdir. 2 h\u0259ft\u0259 sonra anas\u0131 x\u0259st\u0259 oldu\u011fundan geri qay\u0131tmal\u0131 olur v\u0259 h\u0259min il anas\u0131 v\u0259fat edir. 18 ya\u015f\u0131nda b\u00fct\u00fcn ail\u0259sini doland\u0131rma\u011fa ba\u015flay\u0131r.<\/p>\n<p style=\"text-align: justify;\">Musiqi il\u0259 m\u0259\u015f\u011ful olan Bethovenin g\u0259nc ya\u015flar\u0131ndan e\u015fitm\u0259 qabiliyy\u0259tini z\u0259ifl\u0259yir v\u0259 26 ya\u015f\u0131na \u00e7atd\u0131qda e\u015fitm\u0259 qabiliyy\u0259tini tamamil\u0259 itirir. Buna baxmayaraq musiqiy\u0259 olan h\u0259v\u0259sini onu yenid\u0259n h\u0259yata ba\u011flay\u0131r.<\/p>\n<h1 style=\"text-align: justify;\">Bethovenin\u00a0 yarad\u0131c\u0131l\u0131\u011f\u0131<\/h1>\n<p style=\"text-align: justify;\">1778-ci ild\u0259 ilk konsertini ver\u0259nd\u0259 c\u0259mi 7 ya\u015f\u0131nda idi. 1783-c\u00fc ild\u0259 Neefenin k\u00f6m\u0259yi il\u0259 ilk b\u0259st\u0259sini yay\u0131mlad\u0131. Sonra m\u00fc\u0259lliminin k\u00f6m\u0259k\u00e7isi kimi i\u015f\u0259 ba\u015flad\u0131 v\u0259 ilk pulunu qazanma\u011fa ba\u015flad\u0131. 1795-ci ild\u0259 konsert verm\u0259y\u0259 ba\u015flad\u0131 v\u0259 13 il \u0259rzind\u0259 d\u0259f\u0259l\u0259rl\u0259 tama\u015fa\u00e7\u0131 qar\u015f\u0131s\u0131na \u00e7\u0131xd\u0131.<\/p>\n<p style=\"text-align: justify;\">\u201cBethoven kimdir?\u201d dey\u0259 sura\u015fsalar, a\u011fla onun 9 simfoniyas\u0131 g\u0259l\u0259r. Bu g\u00fcn Avropa Birliyinin himni olan 9-cu simfoniyan\u0131 kar oldu\u011fu d\u00f6vrd\u0259 b\u0259st\u0259l\u0259mi\u015fdir. 7 May 1824-c\u00fc ild\u0259 e\u015fitm\u0259s\u0259 d\u0259, 9-cu simfoniyas\u0131n\u0131n premyeras\u0131nda orkestri \u00f6z\u00fc idar\u0259 etmi\u015fdir.<\/p>\n<p style=\"text-align: justify;\">722 \u0259s\u0259ri olan dahi b\u0259st\u0259kar haqq\u0131nda bir ne\u00e7\u0259 film \u00e7\u0259kilmi\u015fdir.<\/p>\n","protected":false},"excerpt":{"rendered":"<p>Bethoven kimdir? B\u0259st\u0259l\u0259ri v\u0259 maraql\u0131 h\u0259yat hekay\u0259si il\u0259 \u00e7ox \u00f6n\u0259mli \u015f\u0259xsiyy\u0259tl\u0259rd\u0259n biri olan Ludviq Van Bethoven 19-cu \u0259sr klassik musiqisinin dahisi olan b\u0259st\u0259kar v\u0259 piano\u00e7usudur. 17 dekabr 1770-ci ild\u0259 Almaniyan\u0131n Bonn \u015f\u0259h\u0259rind\u0259 kas\u0131b bir ail\u0259d\u0259 anadan olmu\u015fdur. Babas\u0131n\u0131n ad\u0131n\u0131 da\u015f\u0131yan musiqi\u00e7inin \u00e7ox k\u0259d\u0259rli bir h\u0259yat\u0131 var idi. Atas\u0131 s\u0259rxo\u015f idi. Bethovenin \u00fcmumilikd\u0259 yeddi qarda\u015f\u0131 var [&hellip;]<\/p>\n","protected":false},"author":2,"featured_media":241,"comment_status":"open","ping_status":"open","sticky":false,"template":"","format":"standard","meta":{"footnotes":""},"categories":[22,20],"tags":[],"class_list":{"0":"post-239","1":"post","2":"type-post","3":"status-publish","4":"format-standard","5":"has-post-thumbnail","7":"category-musiqici","8":"category-incesenet-xadimi"},"_links":{"self":[{"href":"https:\/\/taniyaq.az\/api\/wp\/v2\/posts\/239","targetHints":{"allow":["GET"]}}],"collection":[{"href":"https:\/\/taniyaq.az\/api\/wp\/v2\/posts"}],"about":[{"href":"https:\/\/taniyaq.az\/api\/wp\/v2\/types\/post"}],"author":[{"embeddable":true,"href":"https:\/\/taniyaq.az\/api\/wp\/v2\/users\/2"}],"replies":[{"embeddable":true,"href":"https:\/\/taniyaq.az\/api\/wp\/v2\/comments?post=239"}],"version-history":[{"count":0,"href":"https:\/\/taniyaq.az\/api\/wp\/v2\/posts\/239\/revisions"}],"wp:featuredmedia":[{"embeddable":true,"href":"https:\/\/taniyaq.az\/api\/wp\/v2\/media\/241"}],"wp:attachment":[{"href":"https:\/\/taniyaq.az\/api\/wp\/v2\/media?parent=239"}],"wp:term":[{"taxonomy":"category","embeddable":true,"href":"https:\/\/taniyaq.az\/api\/wp\/v2\/categories?post=239"},{"taxonomy":"post_tag","embeddable":true,"href":"https:\/\/taniyaq.az\/api\/wp\/v2\/tags?post=239"}],"curies":[{"name":"wp","href":"https:\/\/api.w.org\/{rel}","templated":true}]}}