{"id":267,"date":"2021-05-20T11:32:49","date_gmt":"2021-05-20T11:32:49","guid":{"rendered":"https:\/\/taniyaq.az\/?p=267"},"modified":"2021-05-20T11:32:49","modified_gmt":"2021-05-20T11:32:49","slug":"aristotel-kimdir","status":"publish","type":"post","link":"https:\/\/taniyaq.az\/aristotel-kimdir\/","title":{"rendered":"Aristotel kimdir?"},"content":{"rendered":"<p style=\"text-align: justify;\">Antik d\u00f6vrd\u0259 ya\u015fam\u0131\u015f \u0259n \u0259h\u0259miyy\u0259tli filosoflardan biri olan Aristotel, d\u00f6vr\u00fcn\u00fc \u0259n yax\u015f\u0131 \u015f\u0259kild\u0259 t\u0259svir ed\u0259n \u015f\u0259xs olmu\u015fdur. B\u0259s Aristotel kimdir?<\/p>\n<p style=\"text-align: justify;\">E.\u0259. 4-c\u00fc \u0259srd\u0259 Yunanistanda d\u00fcnyaya g\u0259lmi\u015fdir. Atas\u0131n\u0131 u\u015faqk\u0259n itir\u0259n Aristotel Makedoniya saray\u0131nda b\u00f6y\u00fcm\u00fc\u015fd\u00fcr. 17-18 ya\u015flar\u0131nda Atinadak\u0131 Plotonun akademiyas\u0131na qat\u0131l\u0131r v\u0259 20 il orada qalm\u0131\u015fd\u0131r. Daha sonra Makedoniya saray\u0131na qay\u0131d\u0131r v\u0259 B\u00f6y\u00fck \u0130sg\u0259nd\u0259r\u0259 m\u00fc\u0259llimlik edir. O, Atinaya qay\u0131td\u0131\u011f\u0131nda Plotonun kimi m\u0259kt\u0259b qurur. B\u00f6y\u00fck \u0130sg\u0259nd\u0259rin \u00f6l\u00fcm\u00fcnd\u0259n sonra Atinan\u0131 t\u0259rk etm\u0259li olan Aristotel bundan 1 il sonra Xalkida \u015f\u0259h\u0259rind\u0259 v\u0259fat etmi\u015fdir.<\/p>\n<h2 style=\"text-align: justify;\">Aristotelin yarad\u0131c\u0131l\u0131\u011f\u0131<\/h2>\n<p style=\"text-align: justify;\">Siyas\u0259td\u0259n astronomiyaya, zoologiyadan f\u0259ls\u0259f\u0259y\u0259, m\u0259ntiqd\u0259n biologiyaya q\u0259d\u0259r bir \u00e7ox sah\u0259d\u0259 \u0259h\u0259miyy\u0259tli i\u015fl\u0259r g\u00f6rm\u00fc\u015fd\u00fcr. F\u0259ls\u0259f\u0259 v\u0259 m\u0259ntiql\u0259 ba\u011fl\u0131 i\u015fl\u0259rind\u0259 \u00f6z\u00fcn\u0259 r\u0259hb\u0259r olaraq Platonu se\u00e7mi\u015fdir.<\/p>\n<p style=\"text-align: justify;\">Yunanistanda ilk b\u00f6y\u00fck elmi kitabxanan\u0131 qurmu\u015f, ilk x\u0259rit\u0259 kolleksiyas\u0131n\u0131 haz\u0131rlam\u0131\u015f, ilk t\u0259bi\u0259t tarix muzeyini yaratm\u0131\u015f Aristotel h\u0259m d\u0259 elml\u0259rin t\u0259snifat\u0131n\u0131 vermi\u015f ilk insand\u0131r.<\/p>\n","protected":false},"excerpt":{"rendered":"<p>Antik d\u00f6vrd\u0259 ya\u015fam\u0131\u015f \u0259n \u0259h\u0259miyy\u0259tli filosoflardan biri olan Aristotel, d\u00f6vr\u00fcn\u00fc \u0259n yax\u015f\u0131 \u015f\u0259kild\u0259 t\u0259svir ed\u0259n \u015f\u0259xs olmu\u015fdur. B\u0259s Aristotel kimdir? E.\u0259. 4-c\u00fc \u0259srd\u0259 Yunanistanda d\u00fcnyaya g\u0259lmi\u015fdir. Atas\u0131n\u0131 u\u015faqk\u0259n itir\u0259n Aristotel Makedoniya saray\u0131nda b\u00f6y\u00fcm\u00fc\u015fd\u00fcr. 17-18 ya\u015flar\u0131nda Atinadak\u0131 Plotonun akademiyas\u0131na qat\u0131l\u0131r v\u0259 20 il orada qalm\u0131\u015fd\u0131r. Daha sonra Makedoniya saray\u0131na qay\u0131d\u0131r v\u0259 B\u00f6y\u00fck \u0130sg\u0259nd\u0259r\u0259 m\u00fc\u0259llimlik edir. O, [&hellip;]<\/p>\n","protected":false},"author":2,"featured_media":268,"comment_status":"open","ping_status":"open","sticky":false,"template":"","format":"standard","meta":{"footnotes":""},"categories":[27],"tags":[],"class_list":{"0":"post-267","1":"post","2":"type-post","3":"status-publish","4":"format-standard","5":"has-post-thumbnail","7":"category-alim"},"_links":{"self":[{"href":"https:\/\/taniyaq.az\/api\/wp\/v2\/posts\/267","targetHints":{"allow":["GET"]}}],"collection":[{"href":"https:\/\/taniyaq.az\/api\/wp\/v2\/posts"}],"about":[{"href":"https:\/\/taniyaq.az\/api\/wp\/v2\/types\/post"}],"author":[{"embeddable":true,"href":"https:\/\/taniyaq.az\/api\/wp\/v2\/users\/2"}],"replies":[{"embeddable":true,"href":"https:\/\/taniyaq.az\/api\/wp\/v2\/comments?post=267"}],"version-history":[{"count":0,"href":"https:\/\/taniyaq.az\/api\/wp\/v2\/posts\/267\/revisions"}],"wp:featuredmedia":[{"embeddable":true,"href":"https:\/\/taniyaq.az\/api\/wp\/v2\/media\/268"}],"wp:attachment":[{"href":"https:\/\/taniyaq.az\/api\/wp\/v2\/media?parent=267"}],"wp:term":[{"taxonomy":"category","embeddable":true,"href":"https:\/\/taniyaq.az\/api\/wp\/v2\/categories?post=267"},{"taxonomy":"post_tag","embeddable":true,"href":"https:\/\/taniyaq.az\/api\/wp\/v2\/tags?post=267"}],"curies":[{"name":"wp","href":"https:\/\/api.w.org\/{rel}","templated":true}]}}