{"id":303,"date":"2021-05-26T06:03:20","date_gmt":"2021-05-26T06:03:20","guid":{"rendered":"https:\/\/taniyaq.az\/?p=303"},"modified":"2021-05-26T06:03:20","modified_gmt":"2021-05-26T06:03:20","slug":"franz-kafka-kimdir","status":"publish","type":"post","link":"https:\/\/taniyaq.az\/franz-kafka-kimdir\/","title":{"rendered":"Franz Kafka kimdir?"},"content":{"rendered":"<p style=\"text-align: justify;\">20-ci \u0259srin \u0259n \u0259h\u0259miyy\u0259tli yaz\u0131\u00e7\u0131lar\u0131ndan biri olan Franz Kafka h\u0259m \u0259s\u0259rl\u0259ri, h\u0259m d\u0259 h\u0259yat\u0131 il\u0259 d\u00fcnya \u0259d\u0259biyyat\u0131nda iz qoymu\u015f bir add\u0131r. B\u0259s Franz Kafka kimdir?<\/p>\n<p style=\"text-align: justify;\">B\u0259db\u0259xt sonlarla bit\u0259n hekay\u0259l\u0259ri v\u0259 atas\u0131na nifr\u0259tini ifad\u0259 ed\u0259n, lakin he\u00e7 g\u00f6nd\u0259rm\u0259diyi m\u0259ktublar\u0131 il\u0259 xat\u0131rlan\u0131r! G\u0259lin q\u0259l\u0259m g\u00f6t\u00fcrd\u00fcy\u00fc anda k\u0259d\u0259rini c\u0259sar\u0259tl\u0259 ka\u011f\u0131za t\u00f6k\u0259n Franz Kafkan\u0131n kim oldu\u011funu birlikd\u0259 ara\u015fd\u0131raq.<\/p>\n<p style=\"text-align: justify;\">3 iyul 1883-c\u00fc ild\u0259 Praqada h\u0259yata g\u00f6zl\u0259rini a\u00e7\u0131b. Onun qarda\u015flar\u0131 7 ya\u015f\u0131na \u00e7atmadan \u00f6l\u00fcr. Bac\u0131lar\u0131 is\u0259 \u0130kinci D\u00fcnya M\u00fcharib\u0259si zaman\u0131 \u00f6ld\u00fcr\u00fcl\u00fcr. Valideyinl\u0259ri \u00e7ox i\u015fl\u0259dikl\u0259rind\u0259n Kafka sevgid\u0259n \u00e7ox uzaq b\u00f6y\u00fcy\u00fcb.<\/p>\n<h1 style=\"text-align: justify;\">Franz Kafka yarad\u0131c\u0131l\u0131\u011f\u0131<\/h1>\n<p style=\"text-align: justify;\">M\u0259\u015fhur yaz\u0131\u00e7\u0131 sa\u011fl\u0131\u011f\u0131nda kitablar, m\u0259ktublar, romanlar v\u0259 g\u00fcnd\u0259likl\u0259r yaz\u0131r, ancaq dostu Max Broddan \u00f6ld\u00fckd\u0259n sonra b\u00fct\u00fcn \u0259s\u0259rl\u0259rini yand\u0131rmas\u0131n\u0131 ist\u0259yib. Dostunun bu v\u0259siyy\u0259tini yerin\u0259 yetirm\u0259y\u0259n Brod, Franz Kafka ad\u0131n\u0131 d\u00fcnya \u0259d\u0259biyyat\u0131n\u0131n \u0259n y\u00fcks\u0259k s\u0259viyy\u0259sin\u0259 qald\u0131rma\u011f\u0131 bacard\u0131.<\/p>\n<p style=\"text-align: justify;\">3 iyun 1924-c\u00fc ild\u0259 v\u0259fat ed\u0259n modernist yaz\u0131\u00e7\u0131, &#8220;\u00c7evrilm\u0259&#8221;, &#8220;M\u0259hk\u0259m\u0259&#8221;, &#8220;Q\u0259sr&#8221; v\u0259 &#8220;Milenaya m\u0259ktublar&#8221; adl\u0131 \u0259s\u0259rl\u0259ri il\u0259 tan\u0131n\u0131r.<\/p>\n","protected":false},"excerpt":{"rendered":"<p>20-ci \u0259srin \u0259n \u0259h\u0259miyy\u0259tli yaz\u0131\u00e7\u0131lar\u0131ndan biri olan Franz Kafka h\u0259m \u0259s\u0259rl\u0259ri, h\u0259m d\u0259 h\u0259yat\u0131 il\u0259 d\u00fcnya \u0259d\u0259biyyat\u0131nda iz qoymu\u015f bir add\u0131r. B\u0259s Franz Kafka kimdir? B\u0259db\u0259xt sonlarla bit\u0259n hekay\u0259l\u0259ri v\u0259 atas\u0131na nifr\u0259tini ifad\u0259 ed\u0259n, lakin he\u00e7 g\u00f6nd\u0259rm\u0259diyi m\u0259ktublar\u0131 il\u0259 xat\u0131rlan\u0131r! G\u0259lin q\u0259l\u0259m g\u00f6t\u00fcrd\u00fcy\u00fc anda k\u0259d\u0259rini c\u0259sar\u0259tl\u0259 ka\u011f\u0131za t\u00f6k\u0259n Franz Kafkan\u0131n kim oldu\u011funu birlikd\u0259 ara\u015fd\u0131raq. 3 [&hellip;]<\/p>\n","protected":false},"author":2,"featured_media":304,"comment_status":"open","ping_status":"open","sticky":false,"template":"","format":"standard","meta":{"footnotes":""},"categories":[26],"tags":[],"class_list":{"0":"post-303","1":"post","2":"type-post","3":"status-publish","4":"format-standard","5":"has-post-thumbnail","7":"category-edib"},"_links":{"self":[{"href":"https:\/\/taniyaq.az\/api\/wp\/v2\/posts\/303","targetHints":{"allow":["GET"]}}],"collection":[{"href":"https:\/\/taniyaq.az\/api\/wp\/v2\/posts"}],"about":[{"href":"https:\/\/taniyaq.az\/api\/wp\/v2\/types\/post"}],"author":[{"embeddable":true,"href":"https:\/\/taniyaq.az\/api\/wp\/v2\/users\/2"}],"replies":[{"embeddable":true,"href":"https:\/\/taniyaq.az\/api\/wp\/v2\/comments?post=303"}],"version-history":[{"count":0,"href":"https:\/\/taniyaq.az\/api\/wp\/v2\/posts\/303\/revisions"}],"wp:featuredmedia":[{"embeddable":true,"href":"https:\/\/taniyaq.az\/api\/wp\/v2\/media\/304"}],"wp:attachment":[{"href":"https:\/\/taniyaq.az\/api\/wp\/v2\/media?parent=303"}],"wp:term":[{"taxonomy":"category","embeddable":true,"href":"https:\/\/taniyaq.az\/api\/wp\/v2\/categories?post=303"},{"taxonomy":"post_tag","embeddable":true,"href":"https:\/\/taniyaq.az\/api\/wp\/v2\/tags?post=303"}],"curies":[{"name":"wp","href":"https:\/\/api.w.org\/{rel}","templated":true}]}}