{"id":538,"date":"2023-06-21T06:27:05","date_gmt":"2023-06-21T06:27:05","guid":{"rendered":"https:\/\/taniyaq.az\/?p=538"},"modified":"2023-06-21T06:27:05","modified_gmt":"2023-06-21T06:27:05","slug":"co-bayden-kimdir","status":"publish","type":"post","link":"https:\/\/taniyaq.az\/co-bayden-kimdir\/","title":{"rendered":"Co Bayden kimdir?"},"content":{"rendered":"<p style=\"text-align: justify;\">Co Bayden AB\u015e-\u0131n 46-c\u0131 prezidenti v\u0259zif\u0259sind\u0259 \u00e7al\u0131\u015fm\u0131\u015f v\u0259 uzun m\u00fcdd\u0259t siyasi karyeras\u0131 olan g\u00f6rk\u0259mli \u015f\u0259xsiyy\u0259tdir. Bu m\u0259qal\u0259mizd\u0259 m\u0259n Co Baydenin h\u0259yat\u0131, siyasi karyeras\u0131 v\u0259 \u0259sas faktlar haqq\u0131nda m\u0259lumat ver\u0259c\u0259yik.<\/p>\n<p style=\"text-align: justify;\">Cozef Robinette Bayden 20 noyabr 1942-ci ild\u0259 Pensilvaniya \u015ftat\u0131n\u0131n Skranton \u015f\u0259h\u0259rind\u0259 anadan olub. T\u0259hsilini Delaver Universitetind\u0259 v\u0259 Sirakuz Universitetind\u0259 ba\u015fa vurub. H\u00fcquq t\u0259hsili ald\u0131qdan sonra h\u00fcquq\u015f\u00fcnas kimi f\u0259aliyy\u0259t\u0259 ba\u015flasa da, sonradan siyas\u0259t\u0259 \u00fcz tutaraq karyeras\u0131n\u0131 davam etdirib.<\/p>\n<p style=\"text-align: justify;\">Bayden siyasi karyeras\u0131na 1970-ci ill\u0259rin \u0259vv\u0259ll\u0259rind\u0259 Delaver senatoru kimi ba\u015flay\u0131b. Daha sonra 1980-ci ild\u0259 AB\u015e Senat\u0131na se\u00e7ildi v\u0259 uzun ill\u0259r bu v\u0259zif\u0259ni icra etdi. O, senator oldu\u011fu m\u00fcdd\u0259td\u0259 m\u00fcxt\u0259lif komit\u0259l\u0259rd\u0259 \u00e7al\u0131\u015f\u0131b v\u0259 x\u00fcsusil\u0259 xarici siyas\u0259t m\u0259s\u0259l\u0259l\u0259rind\u0259 f\u0259all\u0131q g\u00f6st\u0259rib.<\/p>\n<p style=\"text-align: justify;\">2009-2017-ci ill\u0259rd\u0259 o, Barak Obaman\u0131n prezidentliyi d\u00f6vr\u00fcnd\u0259 AB\u015e-\u0131n 47-ci vitse-prezidenti v\u0259zif\u0259sind\u0259 \u00e7al\u0131\u015f\u0131b. Bayden prezident Obama il\u0259 birlikd\u0259 milli t\u0259hl\u00fck\u0259sizlik, iqtisadi siyas\u0259t v\u0259 s\u0259hiyy\u0259 islahatlar\u0131 kimi m\u00fch\u00fcm m\u0259s\u0259l\u0259l\u0259rd\u0259 t\u0259sirli rol oynay\u0131b.<\/p>\n<p style=\"text-align: justify;\">Co Bayden 2020-ci ild\u0259 Demokratlar Partiyas\u0131n\u0131n prezidentliy\u0259 namiz\u0259di se\u00e7ildi v\u0259 2020-ci ilin noyabr\u0131nda ke\u00e7iril\u0259n se\u00e7kil\u0259rd\u0259 AB\u015e-\u0131n 46-c\u0131 prezidenti oldu. Bayden, prezidentliyi d\u00f6vr\u00fcnd\u0259, ilk n\u00f6vb\u0259d\u0259, iqtisadiyyat\u0131n b\u0259rpas\u0131, iqlim d\u0259yi\u015fikliyi, s\u0259hiyy\u0259 v\u0259 irq\u00e7ilikl\u0259 m\u00fcbariz\u0259y\u0259 diqq\u0259t yetir\u0259r\u0259k bir \u00e7ox m\u00fch\u00fcm siyas\u0259t d\u0259yi\u015fiklikl\u0259ri etm\u0259yi h\u0259d\u0259fl\u0259yir.<\/p>\n<p style=\"text-align: justify;\">Co Bayden b\u00fct\u00fcn siyasi karyeras\u0131 boyunca praqmatik v\u0259 orta yol siyas\u0259ti il\u0259 tan\u0131n\u0131b. Sosial \u0259dal\u0259t, b\u0259rab\u0259rlik v\u0259 demokratik d\u0259y\u0259rl\u0259rin qorunmas\u0131 istiqam\u0259tind\u0259 m\u00fch\u00fcm add\u0131mlar atm\u0131\u015fd\u0131r. Eyni zamanda, Amerika Birl\u0259\u015fmi\u015f \u015etatlar\u0131n\u0131n beyn\u0259lxalq arenada rolunu g\u00fccl\u0259ndirm\u0259yi qar\u015f\u0131s\u0131na m\u0259qs\u0259d qoyub v\u0259 m\u00fctt\u0259fiqlik \u0259laq\u0259l\u0259rini g\u00fccl\u0259ndirm\u0259y\u0259 \u00e7al\u0131\u015f\u0131r.<\/p>\n<p style=\"text-align: justify;\">N\u0259tic\u0259d\u0259 Co Bayden AB\u015e-\u0131n 46-c\u0131 prezidenti kimi siyasi arenada g\u00f6rk\u0259mli liderdir. Uzun siyasi karyeraya malik olan Bayden Amerika siyas\u0259tind\u0259 n\u00fcfuzlu \u015f\u0259xs kimi tan\u0131n\u0131r v\u0259 \u00f6lk\u0259nin daxili v\u0259 xarici siyas\u0259tinin formala\u015fmas\u0131nda f\u0259al rol oynay\u0131r.<\/p>\n","protected":false},"excerpt":{"rendered":"<p>Co Bayden AB\u015e-\u0131n 46-c\u0131 prezidenti v\u0259zif\u0259sind\u0259 \u00e7al\u0131\u015fm\u0131\u015f v\u0259 uzun m\u00fcdd\u0259t siyasi karyeras\u0131 olan g\u00f6rk\u0259mli \u015f\u0259xsiyy\u0259tdir. Bu m\u0259qal\u0259mizd\u0259 m\u0259n Co Baydenin h\u0259yat\u0131, siyasi karyeras\u0131 v\u0259 \u0259sas faktlar haqq\u0131nda m\u0259lumat ver\u0259c\u0259yik. Cozef Robinette Bayden 20 noyabr 1942-ci ild\u0259 Pensilvaniya \u015ftat\u0131n\u0131n Skranton \u015f\u0259h\u0259rind\u0259 anadan olub. T\u0259hsilini Delaver Universitetind\u0259 v\u0259 Sirakuz Universitetind\u0259 ba\u015fa vurub. H\u00fcquq t\u0259hsili ald\u0131qdan sonra h\u00fcquq\u015f\u00fcnas [&hellip;]<\/p>\n","protected":false},"author":2,"featured_media":541,"comment_status":"open","ping_status":"open","sticky":false,"template":"","format":"standard","meta":{"footnotes":""},"categories":[19],"tags":[],"class_list":{"0":"post-538","1":"post","2":"type-post","3":"status-publish","4":"format-standard","5":"has-post-thumbnail","7":"category-siyasetci"},"_links":{"self":[{"href":"https:\/\/taniyaq.az\/api\/wp\/v2\/posts\/538","targetHints":{"allow":["GET"]}}],"collection":[{"href":"https:\/\/taniyaq.az\/api\/wp\/v2\/posts"}],"about":[{"href":"https:\/\/taniyaq.az\/api\/wp\/v2\/types\/post"}],"author":[{"embeddable":true,"href":"https:\/\/taniyaq.az\/api\/wp\/v2\/users\/2"}],"replies":[{"embeddable":true,"href":"https:\/\/taniyaq.az\/api\/wp\/v2\/comments?post=538"}],"version-history":[{"count":0,"href":"https:\/\/taniyaq.az\/api\/wp\/v2\/posts\/538\/revisions"}],"wp:featuredmedia":[{"embeddable":true,"href":"https:\/\/taniyaq.az\/api\/wp\/v2\/media\/541"}],"wp:attachment":[{"href":"https:\/\/taniyaq.az\/api\/wp\/v2\/media?parent=538"}],"wp:term":[{"taxonomy":"category","embeddable":true,"href":"https:\/\/taniyaq.az\/api\/wp\/v2\/categories?post=538"},{"taxonomy":"post_tag","embeddable":true,"href":"https:\/\/taniyaq.az\/api\/wp\/v2\/tags?post=538"}],"curies":[{"name":"wp","href":"https:\/\/api.w.org\/{rel}","templated":true}]}}