{"id":647,"date":"2025-02-06T12:35:28","date_gmt":"2025-02-06T12:35:28","guid":{"rendered":"https:\/\/taniyaq.az\/?p=647"},"modified":"2025-02-06T12:35:42","modified_gmt":"2025-02-06T12:35:42","slug":"sahil-babayev-maliyye-naziri-oldu","status":"publish","type":"post","link":"https:\/\/taniyaq.az\/sahil-babayev-maliyye-naziri-oldu\/","title":{"rendered":"Sahil Babayev maliyy\u0259 naziri oldu"},"content":{"rendered":"<p>Prezident \u0130lham \u018fliyevin S\u0259r\u0259ncam\u0131 il\u0259 Sahil Babayev Az\u0259rbaycan Respublikas\u0131n\u0131n maliyy\u0259 naziri v\u0259zif\u0259sin\u0259 t\u0259yin olunub.<\/p>\n<p>1980-ci ild\u0259 Bak\u0131da anadan olan Sahil Babayev beyn\u0259lxalq h\u00fcquq \u00fczr\u0259 ixtisasla\u015f\u0131b, h\u00fcquq \u00fczr\u0259 f\u0259ls\u0259f\u0259 doktorudur. O, D\u00f6vl\u0259t Neft \u015eirk\u0259tind\u0259, Milli M\u0259clisd\u0259 v\u0259 \u0130qtisadiyyat Nazirliyind\u0259 m\u00fcxt\u0259lif v\u0259zif\u0259l\u0259rd\u0259 \u00e7al\u0131\u015f\u0131b, beyn\u0259lxalq iqtisadi \u0259m\u0259kda\u015fl\u0131q v\u0259 maliyy\u0259 sektorunda geni\u015f t\u0259cr\u00fcb\u0259y\u0259 malikdir. 2018-ci ild\u0259n \u018fm\u0259k v\u0259 \u018fhalinin Sosial M\u00fcdafi\u0259si naziri olub.<\/p>\n<p>Maliyy\u0259 naziri kimi, fiskal siyas\u0259tin t\u0259kmill\u0259\u015fdirilm\u0259si, b\u00fcdc\u0259 intizam\u0131n\u0131n g\u00fccl\u0259ndirilm\u0259si v\u0259 \u00f6lk\u0259nin makroiqtisadi sabitliyinin t\u0259min edilm\u0259si istiqam\u0259tind\u0259 f\u0259aliyy\u0259t g\u00f6st\u0259r\u0259c\u0259k.<\/p>\n","protected":false},"excerpt":{"rendered":"<p>Prezident \u0130lham \u018fliyevin S\u0259r\u0259ncam\u0131 il\u0259 Sahil Babayev Az\u0259rbaycan Respublikas\u0131n\u0131n maliyy\u0259 naziri v\u0259zif\u0259sin\u0259 t\u0259yin olunub. 1980-ci ild\u0259 Bak\u0131da anadan olan Sahil Babayev beyn\u0259lxalq h\u00fcquq \u00fczr\u0259 ixtisasla\u015f\u0131b, h\u00fcquq \u00fczr\u0259 f\u0259ls\u0259f\u0259 doktorudur. O, D\u00f6vl\u0259t Neft \u015eirk\u0259tind\u0259, Milli M\u0259clisd\u0259 v\u0259 \u0130qtisadiyyat Nazirliyind\u0259 m\u00fcxt\u0259lif v\u0259zif\u0259l\u0259rd\u0259 \u00e7al\u0131\u015f\u0131b, beyn\u0259lxalq iqtisadi \u0259m\u0259kda\u015fl\u0131q v\u0259 maliyy\u0259 sektorunda geni\u015f t\u0259cr\u00fcb\u0259y\u0259 malikdir. 2018-ci ild\u0259n \u018fm\u0259k v\u0259 \u018fhalinin [&hellip;]<\/p>\n","protected":false},"author":2,"featured_media":613,"comment_status":"open","ping_status":"open","sticky":false,"template":"","format":"standard","meta":{"footnotes":""},"categories":[19],"tags":[],"class_list":{"0":"post-647","1":"post","2":"type-post","3":"status-publish","4":"format-standard","5":"has-post-thumbnail","7":"category-siyasetci"},"_links":{"self":[{"href":"https:\/\/taniyaq.az\/api\/wp\/v2\/posts\/647","targetHints":{"allow":["GET"]}}],"collection":[{"href":"https:\/\/taniyaq.az\/api\/wp\/v2\/posts"}],"about":[{"href":"https:\/\/taniyaq.az\/api\/wp\/v2\/types\/post"}],"author":[{"embeddable":true,"href":"https:\/\/taniyaq.az\/api\/wp\/v2\/users\/2"}],"replies":[{"embeddable":true,"href":"https:\/\/taniyaq.az\/api\/wp\/v2\/comments?post=647"}],"version-history":[{"count":1,"href":"https:\/\/taniyaq.az\/api\/wp\/v2\/posts\/647\/revisions"}],"predecessor-version":[{"id":648,"href":"https:\/\/taniyaq.az\/api\/wp\/v2\/posts\/647\/revisions\/648"}],"wp:featuredmedia":[{"embeddable":true,"href":"https:\/\/taniyaq.az\/api\/wp\/v2\/media\/613"}],"wp:attachment":[{"href":"https:\/\/taniyaq.az\/api\/wp\/v2\/media?parent=647"}],"wp:term":[{"taxonomy":"category","embeddable":true,"href":"https:\/\/taniyaq.az\/api\/wp\/v2\/categories?post=647"},{"taxonomy":"post_tag","embeddable":true,"href":"https:\/\/taniyaq.az\/api\/wp\/v2\/tags?post=647"}],"curies":[{"name":"wp","href":"https:\/\/api.w.org\/{rel}","templated":true}]}}