{"id":649,"date":"2025-02-07T12:48:46","date_gmt":"2025-02-07T12:48:46","guid":{"rendered":"https:\/\/taniyaq.az\/?p=649"},"modified":"2025-02-07T12:48:46","modified_gmt":"2025-02-07T12:48:46","slug":"anar-eliyev-kimdir","status":"publish","type":"post","link":"https:\/\/taniyaq.az\/anar-eliyev-kimdir\/","title":{"rendered":"Anar \u018fliyev Kimdir?"},"content":{"rendered":"<p><strong>\u018fm\u0259k v\u0259 sosial m\u00fcdafi\u0259 sah\u0259sind\u0259 d\u0259yi\u015fiklik \u2013 Nazir v\u0259zif\u0259sin\u0259 Anar \u018fliyev t\u0259yin edildi<\/strong><br \/>\n\u00d6lk\u0259d\u0259 daha bir nazir postuna yeni t\u0259yinat olub. Prezidentin S\u0259r\u0259ncam\u0131 il\u0259 Anar \u018fliyev \u0259m\u0259k v\u0259 \u0259halinin sosial m\u00fcdafi\u0259si naziri v\u0259zif\u0259sin\u0259 g\u0259tirilib. O, daha \u0259vv\u0259l nazirlikd\u0259 m\u00fcxt\u0259lif r\u0259hb\u0259r v\u0259zif\u0259l\u0259rd\u0259 \u00e7al\u0131\u015f\u0131b v\u0259 2018-ci ild\u0259n nazir m\u00fcavini kimi f\u0259aliyy\u0259t g\u00f6st\u0259rirdi. Yeni nazirin \u0259sas prioritetl\u0259rinin sosial m\u00fcdafi\u0259 sisteminin g\u00fccl\u0259ndirilm\u0259si olaca\u011f\u0131 g\u00f6zl\u0259nilir.<\/p>\n","protected":false},"excerpt":{"rendered":"<p>\u018fm\u0259k v\u0259 sosial m\u00fcdafi\u0259 sah\u0259sind\u0259 d\u0259yi\u015fiklik \u2013 Nazir v\u0259zif\u0259sin\u0259 Anar \u018fliyev t\u0259yin edildi \u00d6lk\u0259d\u0259 daha bir nazir postuna yeni t\u0259yinat olub. Prezidentin S\u0259r\u0259ncam\u0131 il\u0259 Anar \u018fliyev \u0259m\u0259k v\u0259 \u0259halinin sosial m\u00fcdafi\u0259si naziri v\u0259zif\u0259sin\u0259 g\u0259tirilib. O, daha \u0259vv\u0259l nazirlikd\u0259 m\u00fcxt\u0259lif r\u0259hb\u0259r v\u0259zif\u0259l\u0259rd\u0259 \u00e7al\u0131\u015f\u0131b v\u0259 2018-ci ild\u0259n nazir m\u00fcavini kimi f\u0259aliyy\u0259t g\u00f6st\u0259rirdi. Yeni nazirin \u0259sas prioritetl\u0259rinin sosial [&hellip;]<\/p>\n","protected":false},"author":2,"featured_media":650,"comment_status":"open","ping_status":"open","sticky":false,"template":"","format":"standard","meta":{"footnotes":""},"categories":[19],"tags":[],"class_list":{"0":"post-649","1":"post","2":"type-post","3":"status-publish","4":"format-standard","5":"has-post-thumbnail","7":"category-siyasetci"},"_links":{"self":[{"href":"https:\/\/taniyaq.az\/api\/wp\/v2\/posts\/649","targetHints":{"allow":["GET"]}}],"collection":[{"href":"https:\/\/taniyaq.az\/api\/wp\/v2\/posts"}],"about":[{"href":"https:\/\/taniyaq.az\/api\/wp\/v2\/types\/post"}],"author":[{"embeddable":true,"href":"https:\/\/taniyaq.az\/api\/wp\/v2\/users\/2"}],"replies":[{"embeddable":true,"href":"https:\/\/taniyaq.az\/api\/wp\/v2\/comments?post=649"}],"version-history":[{"count":1,"href":"https:\/\/taniyaq.az\/api\/wp\/v2\/posts\/649\/revisions"}],"predecessor-version":[{"id":653,"href":"https:\/\/taniyaq.az\/api\/wp\/v2\/posts\/649\/revisions\/653"}],"wp:featuredmedia":[{"embeddable":true,"href":"https:\/\/taniyaq.az\/api\/wp\/v2\/media\/650"}],"wp:attachment":[{"href":"https:\/\/taniyaq.az\/api\/wp\/v2\/media?parent=649"}],"wp:term":[{"taxonomy":"category","embeddable":true,"href":"https:\/\/taniyaq.az\/api\/wp\/v2\/categories?post=649"},{"taxonomy":"post_tag","embeddable":true,"href":"https:\/\/taniyaq.az\/api\/wp\/v2\/tags?post=649"}],"curies":[{"name":"wp","href":"https:\/\/api.w.org\/{rel}","templated":true}]}}